{"id":17175,"date":"2025-06-12T15:49:47","date_gmt":"2025-06-12T13:49:47","guid":{"rendered":"https:\/\/dlfspain.com\/40-aniversario-adhesion-espana-cee-movilidad-europea\/"},"modified":"2025-07-18T11:53:37","modified_gmt":"2025-07-18T09:53:37","slug":"40th-anniversary-spain-accession-eec-european-mobility","status":"publish","type":"post","link":"https:\/\/dlfspain.com\/en\/40th-anniversary-spain-accession-eec-european-mobility\/","title":{"rendered":"40 Years Since Spain\u2019s Accession to the EEC: A Perspective from European Mobility"},"content":{"rendered":"\n<p><strong>Madrid, June 2025<\/strong><\/p>\n\n\n\n<p>This month marks four decades since Spain signed its <strong>Accession Treaty to the European Economic Community (EEC)<\/strong>\u2014 a milestone that launched a new era of political, economic, and social integration with the rest of Europe.<\/p>\n\n\n\n<p>At <a href=\"https:\/\/dlfspain.com\/en\/contact\/\"><strong><em>DLF<\/em><\/strong><strong> International Movers<\/strong><\/a>, we proudly join this commemoration by highlighting how this historic event helped shape values that are now part of our DNA: <strong>European mobility, international logistics, and cross-border cooperation<\/strong>.<\/p>\n\n\n\n<h2 class=\"wp-block-heading\">A boost to freedom of movement<\/h2>\n\n\n\n<p>Spain\u2019s entry into the EEC in 1985 brought open borders, regulatory harmonization, and the consolidation of a common market. For sectors like <a href=\"https:\/\/dlfspain.com\/en\/movings\/\"><strong>international moving<\/strong><\/a><strong> and <\/strong><a href=\"https:\/\/dlfspain.com\/en\/relocation\/\"><strong>corporate relocation<\/strong><\/a>, this meant a profound transformation: smoother cross-border transitions, new business opportunities, and growing demand for specialized services.<\/p>\n\n\n\n<h2 class=\"wp-block-heading\"><strong><em>DLF<\/em><\/strong>: over 40 years growing with Europe<\/h2>\n\n\n\n<p>Desde nuestros inicios, en <a href=\"https:\/\/dlfspain.com\/en\/about-us\/\"><strong><em>DLF<\/em><\/strong><\/a> hemos acompa\u00f1ado esta evoluci\u00f3n, adapt\u00e1ndonos a los cambios normativos, tecnol\u00f3gicos y sociales que han definido la movilidad en Europa. Hoy, seguimos trabajando como <strong>partner confiable<\/strong> para empresas, instituciones y particulares que apuestan por una Europa conectada, din\u00e1mica y abierta.<\/p>\n\n\n\n<p>Since our beginnings, <a href=\"https:\/\/dlfspain.com\/en\/about-us\/\"><strong><em>DLF<\/em><\/strong><\/a> has evolved alongside Europe, adapting to the regulatory, technological, and social changes that have defined mobility across the continent. Today, we continue to serve as a <strong>trusted partner<\/strong> for companies, institutions, and individuals who believe in a connected, dynamic, and open Europe.<\/p>\n\n\n\n<h2 class=\"wp-block-heading\">Looking ahead<\/h2>\n\n\n\n<p>Spain\u2019s accession to the EEC is not just a chapter in history \u2014 it\u2019s an inspiration to keep building a more integrated Europe. At <strong><em>DLF<\/em> International Movers<\/strong>, we <a href=\"https:\/\/dlfspain.com\/wp-content\/uploads\/2025\/02\/DLF-Sustainability-Plan-2024-25.pdf\">renew our commitment<\/a> to <strong>excellence, <\/strong><a href=\"https:\/\/dlfspain.com\/en\/sustainability\/\"><strong>sustainability<\/strong><\/a><strong>,<\/strong><strong> and <\/strong><a href=\"https:\/\/dlfspain.com\/en\/innovation\/\"><strong>innovation<\/strong><\/a> in all our mobility services.<\/p>\n\n\n\n<p><a href=\"https:\/\/dlfspain.com\/en\/contact\/\">Contact us<\/a> now to find out how we can help you!<\/p>\n\n\n\n<p>\ud83d\udcf8Historical photo: <a href=\"https:\/\/commons.wikimedia.org\/w\/index.php?curid=64865143\" target=\"_blank\" rel=\"noreferrer noopener\">By Ministerio de la Presidencia. Gobierno de Espa\u00f1a, Attribution, Wikimedia Commons<\/a><\/p>\n\n\n\n<p><\/p>\n","protected":false},"excerpt":{"rendered":"<p>This month marks the 40th anniversary of Spain&#8217;s accession to the EEC. At DLF we celebrate this historic milestone by reaffirming our commitment to European values that drive mobility, logistics and international cooperation. <\/p>\n","protected":false},"author":1,"featured_media":17441,"comment_status":"open","ping_status":"open","sticky":false,"template":"","format":"standard","meta":{"_acf_changed":false,"footnotes":""},"categories":[103],"tags":[],"class_list":["post-17175","post","type-post","status-publish","format-standard","has-post-thumbnail","hentry","category-blog-en"],"acf":[],"_links":{"self":[{"href":"https:\/\/dlfspain.com\/en\/wp-json\/wp\/v2\/posts\/17175","targetHints":{"allow":["GET"]}}],"collection":[{"href":"https:\/\/dlfspain.com\/en\/wp-json\/wp\/v2\/posts"}],"about":[{"href":"https:\/\/dlfspain.com\/en\/wp-json\/wp\/v2\/types\/post"}],"author":[{"embeddable":true,"href":"https:\/\/dlfspain.com\/en\/wp-json\/wp\/v2\/users\/1"}],"replies":[{"embeddable":true,"href":"https:\/\/dlfspain.com\/en\/wp-json\/wp\/v2\/comments?post=17175"}],"version-history":[{"count":0,"href":"https:\/\/dlfspain.com\/en\/wp-json\/wp\/v2\/posts\/17175\/revisions"}],"wp:featuredmedia":[{"embeddable":true,"href":"https:\/\/dlfspain.com\/en\/wp-json\/wp\/v2\/media\/17441"}],"wp:attachment":[{"href":"https:\/\/dlfspain.com\/en\/wp-json\/wp\/v2\/media?parent=17175"}],"wp:term":[{"taxonomy":"category","embeddable":true,"href":"https:\/\/dlfspain.com\/en\/wp-json\/wp\/v2\/categories?post=17175"},{"taxonomy":"post_tag","embeddable":true,"href":"https:\/\/dlfspain.com\/en\/wp-json\/wp\/v2\/tags?post=17175"}],"curies":[{"name":"wp","href":"https:\/\/api.w.org\/{rel}","templated":true}]}}